{"id":1082,"date":"2023-04-30T20:43:41","date_gmt":"2023-04-30T18:43:41","guid":{"rendered":"https:\/\/www.gcdp.de\/page\/?post_type=blog_post&#038;p=1082"},"modified":"2024-01-30T23:51:10","modified_gmt":"2024-01-30T21:51:10","slug":"fruehlingskonzert-in-der-katholischen-kirche-maria-des-friedens-berlin-biesdorf-am-16-april-2023","status":"publish","type":"blog_post","link":"https:\/\/www.gcdp.de\/page\/index.php\/blog-post\/fruehlingskonzert-in-der-katholischen-kirche-maria-des-friedens-berlin-biesdorf-am-16-april-2023\/","title":{"rendered":"Fr\u00fchlingskonzert &#8222;Fr\u00fchlingserwachen&#8220; in der katholischen Kirche \u201eMaria des Friedens\u201c Berlin-Biesdorf am 16. April 2023"},"content":{"rendered":"<p><strong>\u201eDas Gras wird gr\u00fcn,<\/strong><strong>\u00a0<\/strong><strong>Die Blumen bunt,<\/strong><strong>\u00a0<\/strong><strong>Und wenn dann noch das Bienchen summt,<\/strong><strong>\u00a0<\/strong><strong>dann wird die Welt ganz kunterbunt\u201c &#8211; Fr\u00fchlingserwachen<\/strong><\/p>\n<p>Unter diesem Motto haben wir einen bunten Strau\u00df sch\u00f6ner Melodien f\u00fcr unser Auftaktskonzert 2023 zusammengestellt.<\/p>\n<p>Das Chorjahr 2023 steht ganz im Zeichen unseres 55-j\u00e4hrigen Bestehens!<\/p>\n<p>Neben der Er\u00f6ffnung der Konzertsaison, stellte dieses Konzert gleichzeitig auch eine \u00f6ffentliche Generalprobe dar, denn eine Woche sp\u00e4ter fand unsere Konzertreise nach Dresden statt.<\/p>\n<div id='gallery-1' class='gallery galleryid-1082 gallery-columns-3 gallery-size-medium'><figure class='gallery-item'>\n\t\t\t<div class='gallery-icon landscape'>\n\t\t\t\t<a href='https:\/\/www.gcdp.de\/page\/01_fk_2023_04_16-7\/'><img loading=\"lazy\" decoding=\"async\" width=\"300\" height=\"225\" src=\"https:\/\/www.gcdp.de\/page\/wp-content\/uploads\/2023\/11\/01_FK_2023_04_16-7-300x225.jpg\" class=\"attachment-medium size-medium\" alt=\"\" srcset=\"https:\/\/www.gcdp.de\/page\/wp-content\/uploads\/2023\/11\/01_FK_2023_04_16-7-300x225.jpg 300w, https:\/\/www.gcdp.de\/page\/wp-content\/uploads\/2023\/11\/01_FK_2023_04_16-7-1024x768.jpg 1024w, https:\/\/www.gcdp.de\/page\/wp-content\/uploads\/2023\/11\/01_FK_2023_04_16-7-768x576.jpg 768w, https:\/\/www.gcdp.de\/page\/wp-content\/uploads\/2023\/11\/01_FK_2023_04_16-7-1536x1152.jpg 1536w, https:\/\/www.gcdp.de\/page\/wp-content\/uploads\/2023\/11\/01_FK_2023_04_16-7.jpg 1600w\" sizes=\"auto, (max-width: 300px) 100vw, 300px\" \/><\/a>\n\t\t\t<\/div><\/figure><figure class='gallery-item'>\n\t\t\t<div class='gallery-icon landscape'>\n\t\t\t\t<a href='https:\/\/www.gcdp.de\/page\/01_fk_2023_04_16-6\/'><img loading=\"lazy\" decoding=\"async\" width=\"300\" height=\"225\" src=\"https:\/\/www.gcdp.de\/page\/wp-content\/uploads\/2023\/11\/01_FK_2023_04_16-6-300x225.jpg\" class=\"attachment-medium size-medium\" alt=\"Foto vom Auftritt in der Kirche\" srcset=\"https:\/\/www.gcdp.de\/page\/wp-content\/uploads\/2023\/11\/01_FK_2023_04_16-6-300x225.jpg 300w, https:\/\/www.gcdp.de\/page\/wp-content\/uploads\/2023\/11\/01_FK_2023_04_16-6-1024x768.jpg 1024w, https:\/\/www.gcdp.de\/page\/wp-content\/uploads\/2023\/11\/01_FK_2023_04_16-6-768x576.jpg 768w, https:\/\/www.gcdp.de\/page\/wp-content\/uploads\/2023\/11\/01_FK_2023_04_16-6-1536x1152.jpg 1536w, https:\/\/www.gcdp.de\/page\/wp-content\/uploads\/2023\/11\/01_FK_2023_04_16-6.jpg 1600w\" sizes=\"auto, (max-width: 300px) 100vw, 300px\" \/><\/a>\n\t\t\t<\/div><\/figure><figure class='gallery-item'>\n\t\t\t<div class='gallery-icon landscape'>\n\t\t\t\t<a href='https:\/\/www.gcdp.de\/page\/01_fk_2023_04_16-5\/'><img loading=\"lazy\" decoding=\"async\" width=\"300\" height=\"159\" src=\"https:\/\/www.gcdp.de\/page\/wp-content\/uploads\/2023\/11\/01_FK_2023_04_16-5-300x159.jpg\" class=\"attachment-medium size-medium\" alt=\"\" srcset=\"https:\/\/www.gcdp.de\/page\/wp-content\/uploads\/2023\/11\/01_FK_2023_04_16-5-300x159.jpg 300w, https:\/\/www.gcdp.de\/page\/wp-content\/uploads\/2023\/11\/01_FK_2023_04_16-5-1024x544.jpg 1024w, https:\/\/www.gcdp.de\/page\/wp-content\/uploads\/2023\/11\/01_FK_2023_04_16-5-768x408.jpg 768w, https:\/\/www.gcdp.de\/page\/wp-content\/uploads\/2023\/11\/01_FK_2023_04_16-5.jpg 1080w\" sizes=\"auto, (max-width: 300px) 100vw, 300px\" \/><\/a>\n\t\t\t<\/div><\/figure><figure class='gallery-item'>\n\t\t\t<div class='gallery-icon landscape'>\n\t\t\t\t<a href='https:\/\/www.gcdp.de\/page\/01_fk_2023_04_16-4\/'><img loading=\"lazy\" decoding=\"async\" width=\"300\" height=\"165\" src=\"https:\/\/www.gcdp.de\/page\/wp-content\/uploads\/2023\/11\/01_FK_2023_04_16-4-300x165.jpg\" class=\"attachment-medium size-medium\" alt=\"\" srcset=\"https:\/\/www.gcdp.de\/page\/wp-content\/uploads\/2023\/11\/01_FK_2023_04_16-4-300x165.jpg 300w, https:\/\/www.gcdp.de\/page\/wp-content\/uploads\/2023\/11\/01_FK_2023_04_16-4.jpg 640w\" sizes=\"auto, (max-width: 300px) 100vw, 300px\" \/><\/a>\n\t\t\t<\/div><\/figure><figure class='gallery-item'>\n\t\t\t<div class='gallery-icon landscape'>\n\t\t\t\t<a href='https:\/\/www.gcdp.de\/page\/01_fk_2023_04_16-3\/'><img loading=\"lazy\" decoding=\"async\" width=\"300\" height=\"165\" src=\"https:\/\/www.gcdp.de\/page\/wp-content\/uploads\/2023\/11\/01_FK_2023_04_16-3-300x165.jpg\" class=\"attachment-medium size-medium\" alt=\"\" srcset=\"https:\/\/www.gcdp.de\/page\/wp-content\/uploads\/2023\/11\/01_FK_2023_04_16-3-300x165.jpg 300w, https:\/\/www.gcdp.de\/page\/wp-content\/uploads\/2023\/11\/01_FK_2023_04_16-3.jpg 640w\" sizes=\"auto, (max-width: 300px) 100vw, 300px\" \/><\/a>\n\t\t\t<\/div><\/figure><figure class='gallery-item'>\n\t\t\t<div class='gallery-icon landscape'>\n\t\t\t\t<a href='https:\/\/www.gcdp.de\/page\/01_fk_2023_04_16-2\/'><img loading=\"lazy\" decoding=\"async\" width=\"300\" height=\"165\" src=\"https:\/\/www.gcdp.de\/page\/wp-content\/uploads\/2023\/11\/01_FK_2023_04_16-2-300x165.jpg\" class=\"attachment-medium size-medium\" alt=\"\" srcset=\"https:\/\/www.gcdp.de\/page\/wp-content\/uploads\/2023\/11\/01_FK_2023_04_16-2-300x165.jpg 300w, https:\/\/www.gcdp.de\/page\/wp-content\/uploads\/2023\/11\/01_FK_2023_04_16-2.jpg 640w\" sizes=\"auto, (max-width: 300px) 100vw, 300px\" \/><\/a>\n\t\t\t<\/div><\/figure>\n\t\t<\/div>\n\n","protected":false},"excerpt":{"rendered":"<p>\u201eDas Gras wird gr\u00fcn,\u00a0Die Blumen bunt,\u00a0Und wenn dann noch das Bienchen summt,\u00a0dann wird die Welt ganz kunterbunt\u201c &#8211; Fr\u00fchlingserwachen Unter diesem Motto haben wir einen bunten Strau\u00df sch\u00f6ner Melodien f\u00fcr [&hellip;]<\/p>\n","protected":false},"author":2,"featured_media":1019,"comment_status":"closed","ping_status":"closed","template":"","tags":[],"blog-category":[12],"class_list":["post-1082","blog_post","type-blog_post","status-publish","has-post-thumbnail","hentry","blog-category-konzerte"],"_links":{"self":[{"href":"https:\/\/www.gcdp.de\/page\/index.php\/wp-json\/wp\/v2\/blog_post\/1082","targetHints":{"allow":["GET"]}}],"collection":[{"href":"https:\/\/www.gcdp.de\/page\/index.php\/wp-json\/wp\/v2\/blog_post"}],"about":[{"href":"https:\/\/www.gcdp.de\/page\/index.php\/wp-json\/wp\/v2\/types\/blog_post"}],"author":[{"embeddable":true,"href":"https:\/\/www.gcdp.de\/page\/index.php\/wp-json\/wp\/v2\/users\/2"}],"replies":[{"embeddable":true,"href":"https:\/\/www.gcdp.de\/page\/index.php\/wp-json\/wp\/v2\/comments?post=1082"}],"wp:featuredmedia":[{"embeddable":true,"href":"https:\/\/www.gcdp.de\/page\/index.php\/wp-json\/wp\/v2\/media\/1019"}],"wp:attachment":[{"href":"https:\/\/www.gcdp.de\/page\/index.php\/wp-json\/wp\/v2\/media?parent=1082"}],"wp:term":[{"taxonomy":"post_tag","embeddable":true,"href":"https:\/\/www.gcdp.de\/page\/index.php\/wp-json\/wp\/v2\/tags?post=1082"},{"taxonomy":"blog-category","embeddable":true,"href":"https:\/\/www.gcdp.de\/page\/index.php\/wp-json\/wp\/v2\/blog-category?post=1082"}],"curies":[{"name":"wp","href":"https:\/\/api.w.org\/{rel}","templated":true}]}}