{"id":1214,"date":"2024-04-07T22:12:43","date_gmt":"2024-04-07T20:12:43","guid":{"rendered":"https:\/\/www.gcdp.de\/page\/?post_type=blog_post&#038;p=1214"},"modified":"2024-04-07T22:14:53","modified_gmt":"2024-04-07T20:14:53","slug":"1214","status":"publish","type":"blog_post","link":"https:\/\/www.gcdp.de\/page\/index.php\/blog-post\/1214\/","title":{"rendered":"Chor Open Stage im Kulturhaus Peter Edel"},"content":{"rendered":"<p>Am<strong> 3. Mai 2024<\/strong> <strong>um 19:00 Uhr<\/strong> l\u00e4dt der <a href=\"https:\/\/www.chorverband-berlin.de\/\">Chorverband-Berlin<\/a> ein zur Fr\u00fchlingsedition der <a href=\"https:\/\/www.chorverband-berlin.de\/veranstaltungen\/chor-open-stage\">Chor Open Stage<\/a> im <a href=\"https:\/\/www.peteredel.de\/\">Kulturhaus Peter Edel<\/a>! Wir freuen uns sehr, dass wir bei diesem besonderen Event mit 4 weiteren Ch\u00f6ren ganz unterschiedlicher Genres f\u00fcr gute Musik und Unterhaltung sorgen d\u00fcrfen. Feiern Sie mit uns den Fr\u00fchling und die Kraft vieler Stimmen. Mit dabei: <a href=\"https:\/\/www.berliner-soulchor.de\/\" target=\"_blank\" rel=\"noopener\">Berliner Soulchor<\/a>, <a href=\"https:\/\/www.facebook.com\/JedeWocheAnders\/\" target=\"_blank\" rel=\"noopener\">Jede Woche Anders<\/a>, <a href=\"https:\/\/www.unifying-voices.com\/\" target=\"_blank\" rel=\"noopener\">Unifiying Voices<\/a>, <a href=\"https:\/\/www.gcdp.de\/page\/\" target=\"_blank\" rel=\"noopener\">Gemischter Chor der Polizei Berlin<\/a> und <a href=\"https:\/\/www.facebook.com\/p\/Joyzzett-100068408059350\/\" target=\"_blank\" rel=\"noopener\">JoyZZett<\/a><\/p>\n<p>Tickets kosten 15 \u20ac Normalpreis\/ 10 \u20ac erm\u00e4\u00dfigt und k\u00f6nnen \u00fcber Eventbrite <a href=\"https:\/\/choropenstage.eventbrite.de\" data-saferedirecturl=\"https:\/\/www.google.com\/url?q=https:\/\/choropenstage.eventbrite.de&amp;source=gmail&amp;ust=1712337060314000&amp;usg=AOvVaw0lEwjGlsWlIBhBeHF1IrWA\">https:\/\/choropenstage.eventbrite.de\u00a0<\/a>oder \u00fcber die Website des Chorverbandes Berlin: <a href=\"https:\/\/www.chorverband-berlin.de\/veranstaltungen\/chor-open-stage\" data-saferedirecturl=\"https:\/\/www.google.com\/url?q=https:\/\/www.chorverband-berlin.de\/veranstaltungen\/chor-open-stage&amp;source=gmail&amp;ust=1712337060314000&amp;usg=AOvVaw19z8BZZfyw37xdnitSIej4\">https:\/\/www.chorverband-berlin.de\/veranstaltungen\/chor-open-stage <\/a>erworben werden.<\/p>\n<p>Bildungs- und Kulturzentrum &#8222;Peter Edel&#8220;<br \/>\nBerliner Allee 125 I 13088 Berlin<\/p>\n<p><strong>Einlass: 18:00 Uhr | Beginn: 19:00 Uhr<\/strong><\/p>\n<p>&nbsp;<\/p>\n<p>&nbsp;<\/p>\n<p>&nbsp;<\/p>\n<p>&nbsp;<\/p>\n","protected":false},"excerpt":{"rendered":"<p>Am 3. Mai 2024 um 19:00 Uhr l\u00e4dt der Chorverband-Berlin ein zur Fr\u00fchlingsedition der Chor Open Stage im Kulturhaus Peter Edel! Wir freuen uns sehr, dass wir bei diesem besonderen [&hellip;]<\/p>\n","protected":false},"author":2,"featured_media":1209,"comment_status":"closed","ping_status":"closed","template":"","tags":[],"blog-category":[],"class_list":["post-1214","blog_post","type-blog_post","status-publish","has-post-thumbnail","hentry"],"_links":{"self":[{"href":"https:\/\/www.gcdp.de\/page\/index.php\/wp-json\/wp\/v2\/blog_post\/1214","targetHints":{"allow":["GET"]}}],"collection":[{"href":"https:\/\/www.gcdp.de\/page\/index.php\/wp-json\/wp\/v2\/blog_post"}],"about":[{"href":"https:\/\/www.gcdp.de\/page\/index.php\/wp-json\/wp\/v2\/types\/blog_post"}],"author":[{"embeddable":true,"href":"https:\/\/www.gcdp.de\/page\/index.php\/wp-json\/wp\/v2\/users\/2"}],"replies":[{"embeddable":true,"href":"https:\/\/www.gcdp.de\/page\/index.php\/wp-json\/wp\/v2\/comments?post=1214"}],"wp:featuredmedia":[{"embeddable":true,"href":"https:\/\/www.gcdp.de\/page\/index.php\/wp-json\/wp\/v2\/media\/1209"}],"wp:attachment":[{"href":"https:\/\/www.gcdp.de\/page\/index.php\/wp-json\/wp\/v2\/media?parent=1214"}],"wp:term":[{"taxonomy":"post_tag","embeddable":true,"href":"https:\/\/www.gcdp.de\/page\/index.php\/wp-json\/wp\/v2\/tags?post=1214"},{"taxonomy":"blog-category","embeddable":true,"href":"https:\/\/www.gcdp.de\/page\/index.php\/wp-json\/wp\/v2\/blog-category?post=1214"}],"curies":[{"name":"wp","href":"https:\/\/api.w.org\/{rel}","templated":true}]}}