{"id":1290,"date":"2024-06-16T12:30:35","date_gmt":"2024-06-16T10:30:35","guid":{"rendered":"https:\/\/www.gcdp.de\/page\/?post_type=blog_post&#038;p=1290"},"modified":"2024-06-16T12:30:35","modified_gmt":"2024-06-16T10:30:35","slug":"48-saengerfest-koepenick","status":"publish","type":"blog_post","link":"https:\/\/www.gcdp.de\/page\/index.php\/blog-post\/48-saengerfest-koepenick\/","title":{"rendered":"48. S\u00e4ngerfest K\u00f6penick"},"content":{"rendered":"<p>09.06.2024 \u2013 S\u00e4ngerfest K\u00f6penick<\/p>\n<p>Zum 48. Mal fand das S\u00e4ngerfest in K\u00f6penick statt und wir waren dabei! Bei sommerlichen Temperaturen und mit einem stimmungsvollen Programm begeisterten wir das Publikum und kr\u00f6nten mit einer langen und kurzen Zugabe diesen wundersch\u00f6nen musikalischen Tag an der Spree.<\/p>\n<div class=\"su-image-carousel  su-image-carousel-columns-5 su-image-carousel-has-spacing su-image-carousel-crop su-image-carousel-crop-16-9 su-image-carousel-has-lightbox su-image-carousel-has-outline su-image-carousel-adaptive su-image-carousel-slides-style-default su-image-carousel-controls-style-light su-image-carousel-align-none\" style=\"\" data-flickity-options='{\"groupCells\":true,\"cellSelector\":\".su-image-carousel-item\",\"adaptiveHeight\":false,\"cellAlign\":\"left\",\"prevNextButtons\":true,\"pageDots\":true,\"autoPlay\":5000,\"imagesLoaded\":true,\"contain\":true,\"selectedAttraction\":0.007,\"friction\":0.25}' id=\"su_image_carousel_69f1b23e06432\"><div class=\"su-image-carousel-item\"><div class=\"su-image-carousel-item-content\"><a href=\"https:\/\/www.gcdp.de\/page\/wp-content\/uploads\/2024\/06\/2024_06_09-Saengerfest-Koepenick-9.jpg\" target=\"_blank\" rel=\"noopener noreferrer\" data-caption=\"\"><img loading=\"lazy\" decoding=\"async\" width=\"300\" height=\"135\" src=\"https:\/\/www.gcdp.de\/page\/wp-content\/uploads\/2024\/06\/2024_06_09-Saengerfest-Koepenick-9-300x135.jpg\" class=\"\" alt=\"\" srcset=\"https:\/\/www.gcdp.de\/page\/wp-content\/uploads\/2024\/06\/2024_06_09-Saengerfest-Koepenick-9-300x135.jpg 300w, https:\/\/www.gcdp.de\/page\/wp-content\/uploads\/2024\/06\/2024_06_09-Saengerfest-Koepenick-9-1024x461.jpg 1024w, https:\/\/www.gcdp.de\/page\/wp-content\/uploads\/2024\/06\/2024_06_09-Saengerfest-Koepenick-9-768x346.jpg 768w, https:\/\/www.gcdp.de\/page\/wp-content\/uploads\/2024\/06\/2024_06_09-Saengerfest-Koepenick-9-1536x691.jpg 1536w, https:\/\/www.gcdp.de\/page\/wp-content\/uploads\/2024\/06\/2024_06_09-Saengerfest-Koepenick-9.jpg 2000w\" sizes=\"auto, (max-width: 300px) 100vw, 300px\" \/><\/a><\/div><\/div><div class=\"su-image-carousel-item\"><div class=\"su-image-carousel-item-content\"><a href=\"https:\/\/www.gcdp.de\/page\/wp-content\/uploads\/2024\/06\/2024_06_09-Saengerfest-Koepenick-4-scaled.jpg\" target=\"_blank\" rel=\"noopener noreferrer\" data-caption=\"\"><img loading=\"lazy\" decoding=\"async\" width=\"300\" height=\"169\" src=\"https:\/\/www.gcdp.de\/page\/wp-content\/uploads\/2024\/06\/2024_06_09-Saengerfest-Koepenick-4-300x169.jpg\" class=\"\" alt=\"\" srcset=\"https:\/\/www.gcdp.de\/page\/wp-content\/uploads\/2024\/06\/2024_06_09-Saengerfest-Koepenick-4-300x169.jpg 300w, https:\/\/www.gcdp.de\/page\/wp-content\/uploads\/2024\/06\/2024_06_09-Saengerfest-Koepenick-4-1024x576.jpg 1024w, https:\/\/www.gcdp.de\/page\/wp-content\/uploads\/2024\/06\/2024_06_09-Saengerfest-Koepenick-4-768x432.jpg 768w, https:\/\/www.gcdp.de\/page\/wp-content\/uploads\/2024\/06\/2024_06_09-Saengerfest-Koepenick-4-1536x864.jpg 1536w, https:\/\/www.gcdp.de\/page\/wp-content\/uploads\/2024\/06\/2024_06_09-Saengerfest-Koepenick-4-2048x1152.jpg 2048w\" sizes=\"auto, (max-width: 300px) 100vw, 300px\" \/><\/a><\/div><\/div><div class=\"su-image-carousel-item\"><div class=\"su-image-carousel-item-content\"><a href=\"https:\/\/www.gcdp.de\/page\/wp-content\/uploads\/2024\/06\/2024_06_09-Saengerfest-Koepenick-3-scaled.jpg\" target=\"_blank\" rel=\"noopener noreferrer\" data-caption=\"\"><img loading=\"lazy\" decoding=\"async\" width=\"300\" height=\"169\" src=\"https:\/\/www.gcdp.de\/page\/wp-content\/uploads\/2024\/06\/2024_06_09-Saengerfest-Koepenick-3-300x169.jpg\" class=\"\" alt=\"\" srcset=\"https:\/\/www.gcdp.de\/page\/wp-content\/uploads\/2024\/06\/2024_06_09-Saengerfest-Koepenick-3-300x169.jpg 300w, https:\/\/www.gcdp.de\/page\/wp-content\/uploads\/2024\/06\/2024_06_09-Saengerfest-Koepenick-3-1024x576.jpg 1024w, https:\/\/www.gcdp.de\/page\/wp-content\/uploads\/2024\/06\/2024_06_09-Saengerfest-Koepenick-3-768x432.jpg 768w, https:\/\/www.gcdp.de\/page\/wp-content\/uploads\/2024\/06\/2024_06_09-Saengerfest-Koepenick-3-1536x864.jpg 1536w, https:\/\/www.gcdp.de\/page\/wp-content\/uploads\/2024\/06\/2024_06_09-Saengerfest-Koepenick-3-2048x1152.jpg 2048w\" sizes=\"auto, (max-width: 300px) 100vw, 300px\" \/><\/a><\/div><\/div><div class=\"su-image-carousel-item\"><div class=\"su-image-carousel-item-content\"><a href=\"https:\/\/www.gcdp.de\/page\/wp-content\/uploads\/2024\/06\/2024_06_09-Saengerfest-Koepenick-2-scaled.jpg\" target=\"_blank\" rel=\"noopener noreferrer\" data-caption=\"\"><img loading=\"lazy\" decoding=\"async\" width=\"300\" height=\"225\" src=\"https:\/\/www.gcdp.de\/page\/wp-content\/uploads\/2024\/06\/2024_06_09-Saengerfest-Koepenick-2-300x225.jpg\" class=\"\" alt=\"\" srcset=\"https:\/\/www.gcdp.de\/page\/wp-content\/uploads\/2024\/06\/2024_06_09-Saengerfest-Koepenick-2-300x225.jpg 300w, https:\/\/www.gcdp.de\/page\/wp-content\/uploads\/2024\/06\/2024_06_09-Saengerfest-Koepenick-2-1024x768.jpg 1024w, https:\/\/www.gcdp.de\/page\/wp-content\/uploads\/2024\/06\/2024_06_09-Saengerfest-Koepenick-2-768x576.jpg 768w, https:\/\/www.gcdp.de\/page\/wp-content\/uploads\/2024\/06\/2024_06_09-Saengerfest-Koepenick-2-1536x1152.jpg 1536w, https:\/\/www.gcdp.de\/page\/wp-content\/uploads\/2024\/06\/2024_06_09-Saengerfest-Koepenick-2-2048x1536.jpg 2048w\" sizes=\"auto, (max-width: 300px) 100vw, 300px\" \/><\/a><\/div><\/div><div class=\"su-image-carousel-item\"><div class=\"su-image-carousel-item-content\"><a href=\"https:\/\/www.gcdp.de\/page\/wp-content\/uploads\/2024\/06\/2024_06_09-Saengerfest-Koepenick-1-scaled.jpg\" target=\"_blank\" rel=\"noopener noreferrer\" data-caption=\"\"><img loading=\"lazy\" decoding=\"async\" width=\"300\" height=\"225\" src=\"https:\/\/www.gcdp.de\/page\/wp-content\/uploads\/2024\/06\/2024_06_09-Saengerfest-Koepenick-1-300x225.jpg\" class=\"\" alt=\"\" srcset=\"https:\/\/www.gcdp.de\/page\/wp-content\/uploads\/2024\/06\/2024_06_09-Saengerfest-Koepenick-1-300x225.jpg 300w, https:\/\/www.gcdp.de\/page\/wp-content\/uploads\/2024\/06\/2024_06_09-Saengerfest-Koepenick-1-1024x768.jpg 1024w, https:\/\/www.gcdp.de\/page\/wp-content\/uploads\/2024\/06\/2024_06_09-Saengerfest-Koepenick-1-768x576.jpg 768w, https:\/\/www.gcdp.de\/page\/wp-content\/uploads\/2024\/06\/2024_06_09-Saengerfest-Koepenick-1-1536x1152.jpg 1536w, https:\/\/www.gcdp.de\/page\/wp-content\/uploads\/2024\/06\/2024_06_09-Saengerfest-Koepenick-1-2048x1536.jpg 2048w\" sizes=\"auto, (max-width: 300px) 100vw, 300px\" \/><\/a><\/div><\/div><div class=\"su-image-carousel-item\"><div class=\"su-image-carousel-item-content\"><a href=\"https:\/\/www.gcdp.de\/page\/wp-content\/uploads\/2024\/06\/2024_06_09-Saengerfest-Koepenick-5.jpg\" target=\"_blank\" rel=\"noopener noreferrer\" data-caption=\"\"><img loading=\"lazy\" decoding=\"async\" width=\"300\" height=\"135\" src=\"https:\/\/www.gcdp.de\/page\/wp-content\/uploads\/2024\/06\/2024_06_09-Saengerfest-Koepenick-5-300x135.jpg\" class=\"\" alt=\"Foto Auftritt beim S\u00e4ngerfest K\u00f6penick am 9.6.2024\" srcset=\"https:\/\/www.gcdp.de\/page\/wp-content\/uploads\/2024\/06\/2024_06_09-Saengerfest-Koepenick-5-300x135.jpg 300w, https:\/\/www.gcdp.de\/page\/wp-content\/uploads\/2024\/06\/2024_06_09-Saengerfest-Koepenick-5-1024x461.jpg 1024w, https:\/\/www.gcdp.de\/page\/wp-content\/uploads\/2024\/06\/2024_06_09-Saengerfest-Koepenick-5-768x346.jpg 768w, https:\/\/www.gcdp.de\/page\/wp-content\/uploads\/2024\/06\/2024_06_09-Saengerfest-Koepenick-5-1536x691.jpg 1536w, https:\/\/www.gcdp.de\/page\/wp-content\/uploads\/2024\/06\/2024_06_09-Saengerfest-Koepenick-5.jpg 2000w\" sizes=\"auto, (max-width: 300px) 100vw, 300px\" \/><\/a><\/div><\/div><div class=\"su-image-carousel-item\"><div class=\"su-image-carousel-item-content\"><a href=\"https:\/\/www.gcdp.de\/page\/wp-content\/uploads\/2024\/06\/2024_06_09-Saengerfest-Koepenick-12.jpg\" target=\"_blank\" rel=\"noopener noreferrer\" data-caption=\"\"><img loading=\"lazy\" decoding=\"async\" width=\"300\" height=\"169\" src=\"https:\/\/www.gcdp.de\/page\/wp-content\/uploads\/2024\/06\/2024_06_09-Saengerfest-Koepenick-12-300x169.jpg\" class=\"\" alt=\"\" srcset=\"https:\/\/www.gcdp.de\/page\/wp-content\/uploads\/2024\/06\/2024_06_09-Saengerfest-Koepenick-12-300x169.jpg 300w, https:\/\/www.gcdp.de\/page\/wp-content\/uploads\/2024\/06\/2024_06_09-Saengerfest-Koepenick-12-1024x576.jpg 1024w, https:\/\/www.gcdp.de\/page\/wp-content\/uploads\/2024\/06\/2024_06_09-Saengerfest-Koepenick-12-768x432.jpg 768w, https:\/\/www.gcdp.de\/page\/wp-content\/uploads\/2024\/06\/2024_06_09-Saengerfest-Koepenick-12-1536x864.jpg 1536w, https:\/\/www.gcdp.de\/page\/wp-content\/uploads\/2024\/06\/2024_06_09-Saengerfest-Koepenick-12.jpg 1600w\" sizes=\"auto, (max-width: 300px) 100vw, 300px\" \/><\/a><\/div><\/div><div class=\"su-image-carousel-item\"><div class=\"su-image-carousel-item-content\"><a href=\"https:\/\/www.gcdp.de\/page\/wp-content\/uploads\/2024\/06\/2024_06_09-Saengerfest-Koepenick-6.jpg\" target=\"_blank\" rel=\"noopener noreferrer\" data-caption=\"\"><img loading=\"lazy\" decoding=\"async\" width=\"300\" height=\"135\" src=\"https:\/\/www.gcdp.de\/page\/wp-content\/uploads\/2024\/06\/2024_06_09-Saengerfest-Koepenick-6-300x135.jpg\" class=\"\" alt=\"\" srcset=\"https:\/\/www.gcdp.de\/page\/wp-content\/uploads\/2024\/06\/2024_06_09-Saengerfest-Koepenick-6-300x135.jpg 300w, https:\/\/www.gcdp.de\/page\/wp-content\/uploads\/2024\/06\/2024_06_09-Saengerfest-Koepenick-6-1024x461.jpg 1024w, https:\/\/www.gcdp.de\/page\/wp-content\/uploads\/2024\/06\/2024_06_09-Saengerfest-Koepenick-6-768x346.jpg 768w, https:\/\/www.gcdp.de\/page\/wp-content\/uploads\/2024\/06\/2024_06_09-Saengerfest-Koepenick-6-1536x691.jpg 1536w, https:\/\/www.gcdp.de\/page\/wp-content\/uploads\/2024\/06\/2024_06_09-Saengerfest-Koepenick-6.jpg 2000w\" sizes=\"auto, (max-width: 300px) 100vw, 300px\" \/><\/a><\/div><\/div><div class=\"su-image-carousel-item\"><div class=\"su-image-carousel-item-content\"><a href=\"https:\/\/www.gcdp.de\/page\/wp-content\/uploads\/2024\/06\/2024_06_09-Saengerfest-Koepenick-7.jpg\" target=\"_blank\" rel=\"noopener noreferrer\" data-caption=\"\"><img loading=\"lazy\" decoding=\"async\" width=\"300\" height=\"135\" src=\"https:\/\/www.gcdp.de\/page\/wp-content\/uploads\/2024\/06\/2024_06_09-Saengerfest-Koepenick-7-300x135.jpg\" class=\"\" alt=\"\" srcset=\"https:\/\/www.gcdp.de\/page\/wp-content\/uploads\/2024\/06\/2024_06_09-Saengerfest-Koepenick-7-300x135.jpg 300w, https:\/\/www.gcdp.de\/page\/wp-content\/uploads\/2024\/06\/2024_06_09-Saengerfest-Koepenick-7-1024x461.jpg 1024w, https:\/\/www.gcdp.de\/page\/wp-content\/uploads\/2024\/06\/2024_06_09-Saengerfest-Koepenick-7-768x346.jpg 768w, https:\/\/www.gcdp.de\/page\/wp-content\/uploads\/2024\/06\/2024_06_09-Saengerfest-Koepenick-7-1536x691.jpg 1536w, https:\/\/www.gcdp.de\/page\/wp-content\/uploads\/2024\/06\/2024_06_09-Saengerfest-Koepenick-7.jpg 2000w\" sizes=\"auto, (max-width: 300px) 100vw, 300px\" \/><\/a><\/div><\/div><div class=\"su-image-carousel-item\"><div class=\"su-image-carousel-item-content\"><a href=\"https:\/\/www.gcdp.de\/page\/wp-content\/uploads\/2024\/06\/2024_06_09-Saengerfest-Koepenick-8.jpg\" target=\"_blank\" rel=\"noopener noreferrer\" data-caption=\"\"><img loading=\"lazy\" decoding=\"async\" width=\"300\" height=\"135\" src=\"https:\/\/www.gcdp.de\/page\/wp-content\/uploads\/2024\/06\/2024_06_09-Saengerfest-Koepenick-8-300x135.jpg\" class=\"\" alt=\"\" srcset=\"https:\/\/www.gcdp.de\/page\/wp-content\/uploads\/2024\/06\/2024_06_09-Saengerfest-Koepenick-8-300x135.jpg 300w, https:\/\/www.gcdp.de\/page\/wp-content\/uploads\/2024\/06\/2024_06_09-Saengerfest-Koepenick-8-1024x461.jpg 1024w, https:\/\/www.gcdp.de\/page\/wp-content\/uploads\/2024\/06\/2024_06_09-Saengerfest-Koepenick-8-768x346.jpg 768w, https:\/\/www.gcdp.de\/page\/wp-content\/uploads\/2024\/06\/2024_06_09-Saengerfest-Koepenick-8-1536x691.jpg 1536w, https:\/\/www.gcdp.de\/page\/wp-content\/uploads\/2024\/06\/2024_06_09-Saengerfest-Koepenick-8.jpg 2000w\" sizes=\"auto, (max-width: 300px) 100vw, 300px\" \/><\/a><\/div><\/div><div class=\"su-image-carousel-item\"><div class=\"su-image-carousel-item-content\"><a href=\"https:\/\/www.gcdp.de\/page\/wp-content\/uploads\/2024\/06\/2024_06_09-Saengerfest-Koepenick-10.jpg\" target=\"_blank\" rel=\"noopener noreferrer\" data-caption=\"\"><img loading=\"lazy\" decoding=\"async\" width=\"300\" height=\"135\" src=\"https:\/\/www.gcdp.de\/page\/wp-content\/uploads\/2024\/06\/2024_06_09-Saengerfest-Koepenick-10-300x135.jpg\" class=\"\" alt=\"\" srcset=\"https:\/\/www.gcdp.de\/page\/wp-content\/uploads\/2024\/06\/2024_06_09-Saengerfest-Koepenick-10-300x135.jpg 300w, https:\/\/www.gcdp.de\/page\/wp-content\/uploads\/2024\/06\/2024_06_09-Saengerfest-Koepenick-10-1024x461.jpg 1024w, https:\/\/www.gcdp.de\/page\/wp-content\/uploads\/2024\/06\/2024_06_09-Saengerfest-Koepenick-10-768x346.jpg 768w, https:\/\/www.gcdp.de\/page\/wp-content\/uploads\/2024\/06\/2024_06_09-Saengerfest-Koepenick-10-1536x691.jpg 1536w, https:\/\/www.gcdp.de\/page\/wp-content\/uploads\/2024\/06\/2024_06_09-Saengerfest-Koepenick-10.jpg 2000w\" sizes=\"auto, (max-width: 300px) 100vw, 300px\" \/><\/a><\/div><\/div><div class=\"su-image-carousel-item\"><div class=\"su-image-carousel-item-content\"><a href=\"https:\/\/www.gcdp.de\/page\/wp-content\/uploads\/2024\/06\/2024_06_09-Saengerfest-Koepenick-11.jpg\" target=\"_blank\" rel=\"noopener noreferrer\" data-caption=\"\"><img loading=\"lazy\" decoding=\"async\" width=\"300\" height=\"169\" src=\"https:\/\/www.gcdp.de\/page\/wp-content\/uploads\/2024\/06\/2024_06_09-Saengerfest-Koepenick-11-300x169.jpg\" class=\"\" alt=\"Foto vom Auftritt Saengerfest K\u00f6penick am 9.6.24\" srcset=\"https:\/\/www.gcdp.de\/page\/wp-content\/uploads\/2024\/06\/2024_06_09-Saengerfest-Koepenick-11-300x169.jpg 300w, https:\/\/www.gcdp.de\/page\/wp-content\/uploads\/2024\/06\/2024_06_09-Saengerfest-Koepenick-11-1024x576.jpg 1024w, https:\/\/www.gcdp.de\/page\/wp-content\/uploads\/2024\/06\/2024_06_09-Saengerfest-Koepenick-11-768x432.jpg 768w, https:\/\/www.gcdp.de\/page\/wp-content\/uploads\/2024\/06\/2024_06_09-Saengerfest-Koepenick-11-1536x864.jpg 1536w, https:\/\/www.gcdp.de\/page\/wp-content\/uploads\/2024\/06\/2024_06_09-Saengerfest-Koepenick-11.jpg 1600w\" sizes=\"auto, (max-width: 300px) 100vw, 300px\" \/><\/a><\/div><\/div><\/div><script id=\"su_image_carousel_69f1b23e06432_script\">if(window.SUImageCarousel){setTimeout(function() {window.SUImageCarousel.initGallery(document.getElementById(\"su_image_carousel_69f1b23e06432\"))}, 0);}var su_image_carousel_69f1b23e06432_script=document.getElementById(\"su_image_carousel_69f1b23e06432_script\");if(su_image_carousel_69f1b23e06432_script){su_image_carousel_69f1b23e06432_script.parentNode.removeChild(su_image_carousel_69f1b23e06432_script);}<\/script>\n","protected":false},"excerpt":{"rendered":"<p>09.06.2024 \u2013 S\u00e4ngerfest K\u00f6penick Zum 48. Mal fand das S\u00e4ngerfest in K\u00f6penick statt und wir waren dabei! Bei sommerlichen Temperaturen und mit einem stimmungsvollen Programm begeisterten wir das Publikum und [&hellip;]<\/p>\n","protected":false},"author":2,"featured_media":1295,"comment_status":"closed","ping_status":"closed","template":"","tags":[],"blog-category":[],"class_list":["post-1290","blog_post","type-blog_post","status-publish","has-post-thumbnail","hentry"],"_links":{"self":[{"href":"https:\/\/www.gcdp.de\/page\/index.php\/wp-json\/wp\/v2\/blog_post\/1290","targetHints":{"allow":["GET"]}}],"collection":[{"href":"https:\/\/www.gcdp.de\/page\/index.php\/wp-json\/wp\/v2\/blog_post"}],"about":[{"href":"https:\/\/www.gcdp.de\/page\/index.php\/wp-json\/wp\/v2\/types\/blog_post"}],"author":[{"embeddable":true,"href":"https:\/\/www.gcdp.de\/page\/index.php\/wp-json\/wp\/v2\/users\/2"}],"replies":[{"embeddable":true,"href":"https:\/\/www.gcdp.de\/page\/index.php\/wp-json\/wp\/v2\/comments?post=1290"}],"wp:featuredmedia":[{"embeddable":true,"href":"https:\/\/www.gcdp.de\/page\/index.php\/wp-json\/wp\/v2\/media\/1295"}],"wp:attachment":[{"href":"https:\/\/www.gcdp.de\/page\/index.php\/wp-json\/wp\/v2\/media?parent=1290"}],"wp:term":[{"taxonomy":"post_tag","embeddable":true,"href":"https:\/\/www.gcdp.de\/page\/index.php\/wp-json\/wp\/v2\/tags?post=1290"},{"taxonomy":"blog-category","embeddable":true,"href":"https:\/\/www.gcdp.de\/page\/index.php\/wp-json\/wp\/v2\/blog-category?post=1290"}],"curies":[{"name":"wp","href":"https:\/\/api.w.org\/{rel}","templated":true}]}}