{"id":410,"date":"2019-12-08T18:00:10","date_gmt":"2019-12-08T16:00:10","guid":{"rendered":"https:\/\/www.gcdp.de\/page\/?post_type=blog_post&#038;p=410"},"modified":"2023-02-10T09:31:58","modified_gmt":"2023-02-10T07:31:58","slug":"adventskonzerte-2019","status":"publish","type":"blog_post","link":"https:\/\/www.gcdp.de\/page\/index.php\/blog-post\/adventskonzerte-2019\/","title":{"rendered":"Adventskonzerte 2019"},"content":{"rendered":"<p><span class=\"_2iem\" role=\"heading\" aria-level=\"4\">Mit Klassikern wie &#8222;Sind die Lichter angez\u00fcndet&#8220;, &#8222;Jingle Bells&#8220; oder unserem Weihnachtsliedermedley &#8222;Alle Jahre fr\u00f6hliche Weihnacht&#8220; haben wir auch in diesem Jahr unsere Weihnachtsrepertoire mit einigen Neueinstudierungen erweitert und mit Freude zur Auff\u00fchrung gebracht. Die langen Proben seit der Sommerpause haben sich gelohnt. &#8222;Das Spiritual &#8222;Go, tell it on the mountain&#8220; und die Vertonung des Gedichtes &#8222;Weihnachtsw\u00fcnsche&#8220; von Annemarie Wagner&#8220; kamen zur Urauff\u00fchrung, ebenso wie die &#8222;Weisse Flocken&#8220; nach einem Gedicht von Linda von Oepen, gesungen von unserem Kammerchor. Als Solistin konnten wir Manja Freitag-Feetz gewinnen, die uns mit ihrer Stimme verzauberte.\u00a0 Ein besonderes Highlight ist stets das gemeinsame Singen allseits beliebter Weihnachtslieder. Wir bedanken uns herzlich beim <a href=\"https:\/\/www.caritas-altenhilfe.de\/fuersenioren\/wohnenmitservice\/caritasseniorenzentrumkardinalbengsch\" target=\"_blank\" rel=\"noopener noreferrer\">Caritas-Seniorenzentrum Kardinal Bengsch<\/a> (hier singen wir seit nunmehr\u00a0 28 Jahren!), bei der <a href=\"https:\/\/berolina.info\/\" target=\"_blank\" rel=\"noopener noreferrer\">Wohnungsbaugenossenschaft Berolina eG<\/a> und der <a href=\"https:\/\/www.kreuzberg-mitte.de\/page\/3398\/st-jacobi-kirche\" target=\"_blank\" rel=\"noopener noreferrer\">St.Jakobi Kirche<\/a>, bei der <a href=\"http:\/\/www.kirche-marzahn-nord.de\/\" target=\"_blank\" rel=\"noopener noreferrer\">Ev. Kirchengemeinde Berlin-Marzahn\/Nord<\/a> sowie der <a href=\"https:\/\/www.wuhletal.de\/Krankenhauskirche.html\">Krankenhauskirche im Wuhlgarten.\u00a0<\/a> <\/span><\/p>\n<p><em><strong><span class=\"_2iem\" role=\"heading\" aria-level=\"4\">Wir w\u00fcnschen all&#8216; unseren S\u00e4ngerinnen und S\u00e4ngern, Mitgliedern und Ehrenmitgliedern, Familien, Freunden und Wegbegleitern eine frohe und besinnliche Weihnachtszeit <\/span><\/strong><strong><span class=\"_2iem\" role=\"heading\" aria-level=\"4\">und einen guten Rutsch in das Neue Jahr 2020.<\/span><\/strong><\/em><\/p>\n<div class=\"su-image-carousel  su-image-carousel-columns-3 su-image-carousel-has-spacing su-image-carousel-has-lightbox su-image-carousel-has-outline su-image-carousel-adaptive su-image-carousel-slides-style-default su-image-carousel-controls-style-light su-image-carousel-align-center\" style=\"\" data-flickity-options='{\"groupCells\":true,\"cellSelector\":\".su-image-carousel-item\",\"adaptiveHeight\":true,\"cellAlign\":\"left\",\"prevNextButtons\":true,\"pageDots\":true,\"autoPlay\":5000,\"imagesLoaded\":true,\"contain\":false,\"selectedAttraction\":0.025,\"friction\":0.28}' id=\"su_image_carousel_69f31fdfb02a5\"><div class=\"su-image-carousel-item\"><div class=\"su-image-carousel-item-content\"><a href=\"https:\/\/www.gcdp.de\/page\/wp-content\/uploads\/2020\/10\/Berolina-2019-1.jpg\" target=\"_blank\" rel=\"noopener noreferrer\" data-caption=\"\"><img loading=\"lazy\" decoding=\"async\" width=\"1024\" height=\"576\" src=\"https:\/\/www.gcdp.de\/page\/wp-content\/uploads\/2020\/10\/Berolina-2019-1-1024x576.jpg\" class=\"\" alt=\"Adventskonzert in der Krankenhauskirche im Wuhlgarten - 07.12.2019\" srcset=\"https:\/\/www.gcdp.de\/page\/wp-content\/uploads\/2020\/10\/Berolina-2019-1-1024x576.jpg 1024w, https:\/\/www.gcdp.de\/page\/wp-content\/uploads\/2020\/10\/Berolina-2019-1-300x169.jpg 300w, https:\/\/www.gcdp.de\/page\/wp-content\/uploads\/2020\/10\/Berolina-2019-1-768x432.jpg 768w, https:\/\/www.gcdp.de\/page\/wp-content\/uploads\/2020\/10\/Berolina-2019-1-1536x864.jpg 1536w, https:\/\/www.gcdp.de\/page\/wp-content\/uploads\/2020\/10\/Berolina-2019-1.jpg 1920w\" sizes=\"auto, (max-width: 1024px) 100vw, 1024px\" \/><span><\/span><\/a><\/div><\/div><div class=\"su-image-carousel-item\"><div class=\"su-image-carousel-item-content\"><a href=\"https:\/\/www.gcdp.de\/page\/wp-content\/uploads\/2020\/10\/IMG-20191214-WA0003.jpg\" target=\"_blank\" rel=\"noopener noreferrer\" data-caption=\"\"><img loading=\"lazy\" decoding=\"async\" width=\"1024\" height=\"576\" src=\"https:\/\/www.gcdp.de\/page\/wp-content\/uploads\/2020\/10\/IMG-20191214-WA0003-1024x576.jpg\" class=\"\" alt=\"\" srcset=\"https:\/\/www.gcdp.de\/page\/wp-content\/uploads\/2020\/10\/IMG-20191214-WA0003-1024x576.jpg 1024w, https:\/\/www.gcdp.de\/page\/wp-content\/uploads\/2020\/10\/IMG-20191214-WA0003-300x169.jpg 300w, https:\/\/www.gcdp.de\/page\/wp-content\/uploads\/2020\/10\/IMG-20191214-WA0003-768x432.jpg 768w, https:\/\/www.gcdp.de\/page\/wp-content\/uploads\/2020\/10\/IMG-20191214-WA0003.jpg 1328w\" sizes=\"auto, (max-width: 1024px) 100vw, 1024px\" \/><span><\/span><\/a><\/div><\/div><div class=\"su-image-carousel-item\"><div class=\"su-image-carousel-item-content\"><a href=\"https:\/\/www.gcdp.de\/page\/wp-content\/uploads\/2020\/10\/IMG-20191214-WA0004.jpg\" target=\"_blank\" rel=\"noopener noreferrer\" data-caption=\"Die Solistin Manja Freitag-Feetz und unser Chorleiter Heiko Jerke\"><img loading=\"lazy\" decoding=\"async\" width=\"576\" height=\"1024\" src=\"https:\/\/www.gcdp.de\/page\/wp-content\/uploads\/2020\/10\/IMG-20191214-WA0004-576x1024.jpg\" class=\"\" alt=\"Die Solistin Manja Freitag-Feetz und unser Chorleiter Heiko Jerke\" srcset=\"https:\/\/www.gcdp.de\/page\/wp-content\/uploads\/2020\/10\/IMG-20191214-WA0004-576x1024.jpg 576w, https:\/\/www.gcdp.de\/page\/wp-content\/uploads\/2020\/10\/IMG-20191214-WA0004-169x300.jpg 169w, https:\/\/www.gcdp.de\/page\/wp-content\/uploads\/2020\/10\/IMG-20191214-WA0004.jpg 747w\" sizes=\"auto, (max-width: 576px) 100vw, 576px\" \/><span>Die Solistin Manja Freitag-Feetz und unser Chorleiter Heiko Jerke<\/span><\/a><\/div><\/div><div class=\"su-image-carousel-item\"><div class=\"su-image-carousel-item-content\"><a href=\"https:\/\/www.gcdp.de\/page\/wp-content\/uploads\/2020\/10\/Wuhletalkirche-2019-9.jpg\" target=\"_blank\" rel=\"noopener noreferrer\" data-caption=\"\"><img loading=\"lazy\" decoding=\"async\" width=\"1024\" height=\"576\" src=\"https:\/\/www.gcdp.de\/page\/wp-content\/uploads\/2020\/10\/Wuhletalkirche-2019-9-1024x576.jpg\" class=\"\" alt=\"\" srcset=\"https:\/\/www.gcdp.de\/page\/wp-content\/uploads\/2020\/10\/Wuhletalkirche-2019-9-1024x576.jpg 1024w, https:\/\/www.gcdp.de\/page\/wp-content\/uploads\/2020\/10\/Wuhletalkirche-2019-9-300x169.jpg 300w, https:\/\/www.gcdp.de\/page\/wp-content\/uploads\/2020\/10\/Wuhletalkirche-2019-9-768x432.jpg 768w, https:\/\/www.gcdp.de\/page\/wp-content\/uploads\/2020\/10\/Wuhletalkirche-2019-9-1536x864.jpg 1536w, https:\/\/www.gcdp.de\/page\/wp-content\/uploads\/2020\/10\/Wuhletalkirche-2019-9.jpg 1920w\" sizes=\"auto, (max-width: 1024px) 100vw, 1024px\" \/><span><\/span><\/a><\/div><\/div><div class=\"su-image-carousel-item\"><div class=\"su-image-carousel-item-content\"><a href=\"https:\/\/www.gcdp.de\/page\/wp-content\/uploads\/2020\/10\/Wuhletalkirche-2019-14.jpg\" target=\"_blank\" rel=\"noopener noreferrer\" data-caption=\"Adventskonzert in der Krankenhauskirche im Wuhlgarten - 07.12.2019\"><img loading=\"lazy\" decoding=\"async\" width=\"1024\" height=\"576\" src=\"https:\/\/www.gcdp.de\/page\/wp-content\/uploads\/2020\/10\/Wuhletalkirche-2019-14-1024x576.jpg\" class=\"\" alt=\"Adventskonzert in der Krankenhauskirche im Wuhlgarten - 07.12.2019\" srcset=\"https:\/\/www.gcdp.de\/page\/wp-content\/uploads\/2020\/10\/Wuhletalkirche-2019-14-1024x576.jpg 1024w, https:\/\/www.gcdp.de\/page\/wp-content\/uploads\/2020\/10\/Wuhletalkirche-2019-14-300x169.jpg 300w, https:\/\/www.gcdp.de\/page\/wp-content\/uploads\/2020\/10\/Wuhletalkirche-2019-14-768x432.jpg 768w, https:\/\/www.gcdp.de\/page\/wp-content\/uploads\/2020\/10\/Wuhletalkirche-2019-14-1536x864.jpg 1536w, https:\/\/www.gcdp.de\/page\/wp-content\/uploads\/2020\/10\/Wuhletalkirche-2019-14.jpg 1920w\" sizes=\"auto, (max-width: 1024px) 100vw, 1024px\" \/><span>Adventskonzert in der Krankenhauskirche im Wuhlgarten - 07.12.2019<\/span><\/a><\/div><\/div><\/div><script id=\"su_image_carousel_69f31fdfb02a5_script\">if(window.SUImageCarousel){setTimeout(function() {window.SUImageCarousel.initGallery(document.getElementById(\"su_image_carousel_69f31fdfb02a5\"))}, 0);}var su_image_carousel_69f31fdfb02a5_script=document.getElementById(\"su_image_carousel_69f31fdfb02a5_script\");if(su_image_carousel_69f31fdfb02a5_script){su_image_carousel_69f31fdfb02a5_script.parentNode.removeChild(su_image_carousel_69f31fdfb02a5_script);}<\/script>\n","protected":false},"excerpt":{"rendered":"<p>Mit Klassikern wie &#8222;Sind die Lichter angez\u00fcndet&#8220;, &#8222;Jingle Bells&#8220; oder unserem Weihnachtsliedermedley &#8222;Alle Jahre fr\u00f6hliche Weihnacht&#8220; haben wir auch in diesem Jahr unsere Weihnachtsrepertoire mit einigen Neueinstudierungen erweitert und mit [&hellip;]<\/p>\n","protected":false},"author":2,"featured_media":0,"comment_status":"closed","ping_status":"closed","template":"","tags":[],"blog-category":[6],"class_list":["post-410","blog_post","type-blog_post","status-publish","hentry","blog-category-ankuendigungen"],"_links":{"self":[{"href":"https:\/\/www.gcdp.de\/page\/index.php\/wp-json\/wp\/v2\/blog_post\/410","targetHints":{"allow":["GET"]}}],"collection":[{"href":"https:\/\/www.gcdp.de\/page\/index.php\/wp-json\/wp\/v2\/blog_post"}],"about":[{"href":"https:\/\/www.gcdp.de\/page\/index.php\/wp-json\/wp\/v2\/types\/blog_post"}],"author":[{"embeddable":true,"href":"https:\/\/www.gcdp.de\/page\/index.php\/wp-json\/wp\/v2\/users\/2"}],"replies":[{"embeddable":true,"href":"https:\/\/www.gcdp.de\/page\/index.php\/wp-json\/wp\/v2\/comments?post=410"}],"wp:attachment":[{"href":"https:\/\/www.gcdp.de\/page\/index.php\/wp-json\/wp\/v2\/media?parent=410"}],"wp:term":[{"taxonomy":"post_tag","embeddable":true,"href":"https:\/\/www.gcdp.de\/page\/index.php\/wp-json\/wp\/v2\/tags?post=410"},{"taxonomy":"blog-category","embeddable":true,"href":"https:\/\/www.gcdp.de\/page\/index.php\/wp-json\/wp\/v2\/blog-category?post=410"}],"curies":[{"name":"wp","href":"https:\/\/api.w.org\/{rel}","templated":true}]}}