{"id":482,"date":"2022-06-21T18:24:54","date_gmt":"2022-06-21T16:24:54","guid":{"rendered":"https:\/\/www.gcdp.de\/page\/?post_type=blog_post&#038;p=482"},"modified":"2023-02-10T09:36:41","modified_gmt":"2023-02-10T07:36:41","slug":"fete-de-la-musique-2","status":"publish","type":"blog_post","link":"https:\/\/www.gcdp.de\/page\/index.php\/blog-post\/fete-de-la-musique-2\/","title":{"rendered":"F\u00eate de la Musique"},"content":{"rendered":"<p>Endlich! Nach zwei Corona-Jahren wieder ein Auftritt anl\u00e4sslich der <strong>F\u00eate de la Musique<\/strong>!<\/p>\n<p>Unser Auftrittsort war der K\u00f6rnerpark in Neuk\u00f6lln. Dort erwarteten uns eine wirklich sch\u00f6ne Kulisse, ein milder Sommertag und ein nettes, wohlwollendes Publikum \u2013 \u00fcberwiegend junge Familien, die sich auf den Wiesen vor der B\u00fchne niedergelassen hatten.<\/p>\n<p>Nach dem Auftritt konnten wir den folgenden Ch\u00f6ren lauschen und \/ oder im netten Park-Lokal einkehren. So wurden dieser Tag und dieser Auftritt zu einem wirklich angenehmen Erlebnis f\u00fcr unseren Chor.<\/p>\n<p>&nbsp;<\/p>\n<div class=\"su-image-carousel  su-image-carousel-columns-7 su-image-carousel-has-spacing su-image-carousel-crop su-image-carousel-crop-4-3 su-image-carousel-has-lightbox su-image-carousel-has-outline su-image-carousel-adaptive su-image-carousel-slides-style-photo su-image-carousel-controls-style-light su-image-carousel-align-none\" style=\"\" data-flickity-options='{\"groupCells\":true,\"cellSelector\":\".su-image-carousel-item\",\"adaptiveHeight\":false,\"cellAlign\":\"left\",\"prevNextButtons\":true,\"pageDots\":true,\"autoPlay\":5000,\"imagesLoaded\":true,\"contain\":true,\"selectedAttraction\":0.007,\"friction\":0.25}' id=\"su_image_carousel_69f48a6e15521\"><div class=\"su-image-carousel-item\"><div class=\"su-image-carousel-item-content\"><a href=\"https:\/\/www.gcdp.de\/page\/wp-content\/uploads\/2023\/02\/Fete-de-la-musique-21.06-3.jpg\" target=\"_blank\" rel=\"noopener noreferrer\" data-caption=\"\"><img loading=\"lazy\" decoding=\"async\" width=\"1930\" height=\"1086\" src=\"https:\/\/www.gcdp.de\/page\/wp-content\/uploads\/2023\/02\/Fete-de-la-musique-21.06-3.jpg\" class=\"\" alt=\"\" srcset=\"https:\/\/www.gcdp.de\/page\/wp-content\/uploads\/2023\/02\/Fete-de-la-musique-21.06-3.jpg 1930w, https:\/\/www.gcdp.de\/page\/wp-content\/uploads\/2023\/02\/Fete-de-la-musique-21.06-3-300x169.jpg 300w, https:\/\/www.gcdp.de\/page\/wp-content\/uploads\/2023\/02\/Fete-de-la-musique-21.06-3-1024x576.jpg 1024w, https:\/\/www.gcdp.de\/page\/wp-content\/uploads\/2023\/02\/Fete-de-la-musique-21.06-3-768x432.jpg 768w, https:\/\/www.gcdp.de\/page\/wp-content\/uploads\/2023\/02\/Fete-de-la-musique-21.06-3-1536x864.jpg 1536w\" sizes=\"auto, (max-width: 1930px) 100vw, 1930px\" \/><\/a><\/div><\/div><div class=\"su-image-carousel-item\"><div class=\"su-image-carousel-item-content\"><a href=\"https:\/\/www.gcdp.de\/page\/wp-content\/uploads\/2023\/02\/Fete-de-la-musique-21.06-4.jpg\" target=\"_blank\" rel=\"noopener noreferrer\" data-caption=\"\"><img loading=\"lazy\" decoding=\"async\" width=\"1930\" height=\"1086\" src=\"https:\/\/www.gcdp.de\/page\/wp-content\/uploads\/2023\/02\/Fete-de-la-musique-21.06-4.jpg\" class=\"\" alt=\"\" srcset=\"https:\/\/www.gcdp.de\/page\/wp-content\/uploads\/2023\/02\/Fete-de-la-musique-21.06-4.jpg 1930w, https:\/\/www.gcdp.de\/page\/wp-content\/uploads\/2023\/02\/Fete-de-la-musique-21.06-4-300x169.jpg 300w, https:\/\/www.gcdp.de\/page\/wp-content\/uploads\/2023\/02\/Fete-de-la-musique-21.06-4-1024x576.jpg 1024w, https:\/\/www.gcdp.de\/page\/wp-content\/uploads\/2023\/02\/Fete-de-la-musique-21.06-4-768x432.jpg 768w, https:\/\/www.gcdp.de\/page\/wp-content\/uploads\/2023\/02\/Fete-de-la-musique-21.06-4-1536x864.jpg 1536w\" sizes=\"auto, (max-width: 1930px) 100vw, 1930px\" \/><\/a><\/div><\/div><div class=\"su-image-carousel-item\"><div class=\"su-image-carousel-item-content\"><a href=\"https:\/\/www.gcdp.de\/page\/wp-content\/uploads\/2023\/02\/Fete-de-la-musique-21.06-5.jpg\" target=\"_blank\" rel=\"noopener noreferrer\" data-caption=\"\"><img loading=\"lazy\" decoding=\"async\" width=\"1930\" height=\"1086\" src=\"https:\/\/www.gcdp.de\/page\/wp-content\/uploads\/2023\/02\/Fete-de-la-musique-21.06-5.jpg\" class=\"\" alt=\"\" srcset=\"https:\/\/www.gcdp.de\/page\/wp-content\/uploads\/2023\/02\/Fete-de-la-musique-21.06-5.jpg 1930w, https:\/\/www.gcdp.de\/page\/wp-content\/uploads\/2023\/02\/Fete-de-la-musique-21.06-5-300x169.jpg 300w, https:\/\/www.gcdp.de\/page\/wp-content\/uploads\/2023\/02\/Fete-de-la-musique-21.06-5-1024x576.jpg 1024w, https:\/\/www.gcdp.de\/page\/wp-content\/uploads\/2023\/02\/Fete-de-la-musique-21.06-5-768x432.jpg 768w, https:\/\/www.gcdp.de\/page\/wp-content\/uploads\/2023\/02\/Fete-de-la-musique-21.06-5-1536x864.jpg 1536w\" sizes=\"auto, (max-width: 1930px) 100vw, 1930px\" \/><\/a><\/div><\/div><div class=\"su-image-carousel-item\"><div class=\"su-image-carousel-item-content\"><a href=\"https:\/\/www.gcdp.de\/page\/wp-content\/uploads\/2023\/02\/Fete-de-la-musique-21.06-6.jpg\" target=\"_blank\" rel=\"noopener noreferrer\" data-caption=\"\"><img loading=\"lazy\" decoding=\"async\" width=\"1930\" height=\"1086\" src=\"https:\/\/www.gcdp.de\/page\/wp-content\/uploads\/2023\/02\/Fete-de-la-musique-21.06-6.jpg\" class=\"\" alt=\"\" srcset=\"https:\/\/www.gcdp.de\/page\/wp-content\/uploads\/2023\/02\/Fete-de-la-musique-21.06-6.jpg 1930w, https:\/\/www.gcdp.de\/page\/wp-content\/uploads\/2023\/02\/Fete-de-la-musique-21.06-6-300x169.jpg 300w, https:\/\/www.gcdp.de\/page\/wp-content\/uploads\/2023\/02\/Fete-de-la-musique-21.06-6-1024x576.jpg 1024w, https:\/\/www.gcdp.de\/page\/wp-content\/uploads\/2023\/02\/Fete-de-la-musique-21.06-6-768x432.jpg 768w, https:\/\/www.gcdp.de\/page\/wp-content\/uploads\/2023\/02\/Fete-de-la-musique-21.06-6-1536x864.jpg 1536w\" sizes=\"auto, (max-width: 1930px) 100vw, 1930px\" \/><\/a><\/div><\/div><div class=\"su-image-carousel-item\"><div class=\"su-image-carousel-item-content\"><a href=\"https:\/\/www.gcdp.de\/page\/wp-content\/uploads\/2023\/02\/Fete-de-la-musique-21.06-7.jpg\" target=\"_blank\" rel=\"noopener noreferrer\" data-caption=\"\"><img loading=\"lazy\" decoding=\"async\" width=\"1930\" height=\"1086\" src=\"https:\/\/www.gcdp.de\/page\/wp-content\/uploads\/2023\/02\/Fete-de-la-musique-21.06-7.jpg\" class=\"\" alt=\"\" srcset=\"https:\/\/www.gcdp.de\/page\/wp-content\/uploads\/2023\/02\/Fete-de-la-musique-21.06-7.jpg 1930w, https:\/\/www.gcdp.de\/page\/wp-content\/uploads\/2023\/02\/Fete-de-la-musique-21.06-7-300x169.jpg 300w, https:\/\/www.gcdp.de\/page\/wp-content\/uploads\/2023\/02\/Fete-de-la-musique-21.06-7-1024x576.jpg 1024w, https:\/\/www.gcdp.de\/page\/wp-content\/uploads\/2023\/02\/Fete-de-la-musique-21.06-7-768x432.jpg 768w, https:\/\/www.gcdp.de\/page\/wp-content\/uploads\/2023\/02\/Fete-de-la-musique-21.06-7-1536x864.jpg 1536w\" sizes=\"auto, (max-width: 1930px) 100vw, 1930px\" \/><\/a><\/div><\/div><div class=\"su-image-carousel-item\"><div class=\"su-image-carousel-item-content\"><a href=\"https:\/\/www.gcdp.de\/page\/wp-content\/uploads\/2023\/02\/Fete-de-la-musique-21.06-8.jpg\" target=\"_blank\" rel=\"noopener noreferrer\" data-caption=\"\"><img loading=\"lazy\" decoding=\"async\" width=\"1930\" height=\"1086\" src=\"https:\/\/www.gcdp.de\/page\/wp-content\/uploads\/2023\/02\/Fete-de-la-musique-21.06-8.jpg\" class=\"\" alt=\"\" srcset=\"https:\/\/www.gcdp.de\/page\/wp-content\/uploads\/2023\/02\/Fete-de-la-musique-21.06-8.jpg 1930w, https:\/\/www.gcdp.de\/page\/wp-content\/uploads\/2023\/02\/Fete-de-la-musique-21.06-8-300x169.jpg 300w, https:\/\/www.gcdp.de\/page\/wp-content\/uploads\/2023\/02\/Fete-de-la-musique-21.06-8-1024x576.jpg 1024w, https:\/\/www.gcdp.de\/page\/wp-content\/uploads\/2023\/02\/Fete-de-la-musique-21.06-8-768x432.jpg 768w, https:\/\/www.gcdp.de\/page\/wp-content\/uploads\/2023\/02\/Fete-de-la-musique-21.06-8-1536x864.jpg 1536w\" sizes=\"auto, (max-width: 1930px) 100vw, 1930px\" \/><\/a><\/div><\/div><div class=\"su-image-carousel-item\"><div class=\"su-image-carousel-item-content\"><a href=\"https:\/\/www.gcdp.de\/page\/wp-content\/uploads\/2023\/02\/Fete-de-la-musique-21.06-9.jpg\" target=\"_blank\" rel=\"noopener noreferrer\" data-caption=\"\"><img loading=\"lazy\" decoding=\"async\" width=\"1930\" height=\"1086\" src=\"https:\/\/www.gcdp.de\/page\/wp-content\/uploads\/2023\/02\/Fete-de-la-musique-21.06-9.jpg\" class=\"\" alt=\"\" srcset=\"https:\/\/www.gcdp.de\/page\/wp-content\/uploads\/2023\/02\/Fete-de-la-musique-21.06-9.jpg 1930w, https:\/\/www.gcdp.de\/page\/wp-content\/uploads\/2023\/02\/Fete-de-la-musique-21.06-9-300x169.jpg 300w, https:\/\/www.gcdp.de\/page\/wp-content\/uploads\/2023\/02\/Fete-de-la-musique-21.06-9-1024x576.jpg 1024w, https:\/\/www.gcdp.de\/page\/wp-content\/uploads\/2023\/02\/Fete-de-la-musique-21.06-9-768x432.jpg 768w, https:\/\/www.gcdp.de\/page\/wp-content\/uploads\/2023\/02\/Fete-de-la-musique-21.06-9-1536x864.jpg 1536w\" sizes=\"auto, (max-width: 1930px) 100vw, 1930px\" \/><\/a><\/div><\/div><div class=\"su-image-carousel-item\"><div class=\"su-image-carousel-item-content\"><a href=\"https:\/\/www.gcdp.de\/page\/wp-content\/uploads\/2023\/02\/Fete-de-la-musique-21.06-10.jpg\" target=\"_blank\" rel=\"noopener noreferrer\" data-caption=\"\"><img loading=\"lazy\" decoding=\"async\" width=\"1930\" height=\"1086\" src=\"https:\/\/www.gcdp.de\/page\/wp-content\/uploads\/2023\/02\/Fete-de-la-musique-21.06-10.jpg\" class=\"\" alt=\"\" srcset=\"https:\/\/www.gcdp.de\/page\/wp-content\/uploads\/2023\/02\/Fete-de-la-musique-21.06-10.jpg 1930w, https:\/\/www.gcdp.de\/page\/wp-content\/uploads\/2023\/02\/Fete-de-la-musique-21.06-10-300x169.jpg 300w, https:\/\/www.gcdp.de\/page\/wp-content\/uploads\/2023\/02\/Fete-de-la-musique-21.06-10-1024x576.jpg 1024w, https:\/\/www.gcdp.de\/page\/wp-content\/uploads\/2023\/02\/Fete-de-la-musique-21.06-10-768x432.jpg 768w, https:\/\/www.gcdp.de\/page\/wp-content\/uploads\/2023\/02\/Fete-de-la-musique-21.06-10-1536x864.jpg 1536w\" sizes=\"auto, (max-width: 1930px) 100vw, 1930px\" \/><\/a><\/div><\/div><div class=\"su-image-carousel-item\"><div class=\"su-image-carousel-item-content\"><a href=\"https:\/\/www.gcdp.de\/page\/wp-content\/uploads\/2023\/02\/JHV-18.06-23-1.jpg\" target=\"_blank\" rel=\"noopener noreferrer\" data-caption=\"\"><img loading=\"lazy\" decoding=\"async\" width=\"1930\" height=\"1086\" src=\"https:\/\/www.gcdp.de\/page\/wp-content\/uploads\/2023\/02\/JHV-18.06-23-1.jpg\" class=\"\" alt=\"\" srcset=\"https:\/\/www.gcdp.de\/page\/wp-content\/uploads\/2023\/02\/JHV-18.06-23-1.jpg 1930w, https:\/\/www.gcdp.de\/page\/wp-content\/uploads\/2023\/02\/JHV-18.06-23-1-300x169.jpg 300w, https:\/\/www.gcdp.de\/page\/wp-content\/uploads\/2023\/02\/JHV-18.06-23-1-1024x576.jpg 1024w, https:\/\/www.gcdp.de\/page\/wp-content\/uploads\/2023\/02\/JHV-18.06-23-1-768x432.jpg 768w, https:\/\/www.gcdp.de\/page\/wp-content\/uploads\/2023\/02\/JHV-18.06-23-1-1536x864.jpg 1536w\" sizes=\"auto, (max-width: 1930px) 100vw, 1930px\" \/><\/a><\/div><\/div><div class=\"su-image-carousel-item\"><div class=\"su-image-carousel-item-content\"><a href=\"https:\/\/www.gcdp.de\/page\/wp-content\/uploads\/2023\/02\/Fete-de-la-musique-21.06-2.jpg\" target=\"_blank\" rel=\"noopener noreferrer\" data-caption=\"\"><img loading=\"lazy\" decoding=\"async\" width=\"1930\" height=\"1086\" src=\"https:\/\/www.gcdp.de\/page\/wp-content\/uploads\/2023\/02\/Fete-de-la-musique-21.06-2.jpg\" class=\"\" alt=\"\" srcset=\"https:\/\/www.gcdp.de\/page\/wp-content\/uploads\/2023\/02\/Fete-de-la-musique-21.06-2.jpg 1930w, https:\/\/www.gcdp.de\/page\/wp-content\/uploads\/2023\/02\/Fete-de-la-musique-21.06-2-300x169.jpg 300w, https:\/\/www.gcdp.de\/page\/wp-content\/uploads\/2023\/02\/Fete-de-la-musique-21.06-2-1024x576.jpg 1024w, https:\/\/www.gcdp.de\/page\/wp-content\/uploads\/2023\/02\/Fete-de-la-musique-21.06-2-768x432.jpg 768w, https:\/\/www.gcdp.de\/page\/wp-content\/uploads\/2023\/02\/Fete-de-la-musique-21.06-2-1536x864.jpg 1536w\" sizes=\"auto, (max-width: 1930px) 100vw, 1930px\" \/><\/a><\/div><\/div><\/div><script id=\"su_image_carousel_69f48a6e15521_script\">if(window.SUImageCarousel){setTimeout(function() {window.SUImageCarousel.initGallery(document.getElementById(\"su_image_carousel_69f48a6e15521\"))}, 0);}var su_image_carousel_69f48a6e15521_script=document.getElementById(\"su_image_carousel_69f48a6e15521_script\");if(su_image_carousel_69f48a6e15521_script){su_image_carousel_69f48a6e15521_script.parentNode.removeChild(su_image_carousel_69f48a6e15521_script);}<\/script>\n","protected":false},"excerpt":{"rendered":"<p>Endlich! Nach zwei Corona-Jahren wieder ein Auftritt anl\u00e4sslich der F\u00eate de la Musique! Unser Auftrittsort war der K\u00f6rnerpark in Neuk\u00f6lln. Dort erwarteten uns eine wirklich sch\u00f6ne Kulisse, ein milder Sommertag [&hellip;]<\/p>\n","protected":false},"author":2,"featured_media":0,"comment_status":"closed","ping_status":"closed","template":"","tags":[],"blog-category":[12],"class_list":["post-482","blog_post","type-blog_post","status-publish","hentry","blog-category-konzerte"],"_links":{"self":[{"href":"https:\/\/www.gcdp.de\/page\/index.php\/wp-json\/wp\/v2\/blog_post\/482","targetHints":{"allow":["GET"]}}],"collection":[{"href":"https:\/\/www.gcdp.de\/page\/index.php\/wp-json\/wp\/v2\/blog_post"}],"about":[{"href":"https:\/\/www.gcdp.de\/page\/index.php\/wp-json\/wp\/v2\/types\/blog_post"}],"author":[{"embeddable":true,"href":"https:\/\/www.gcdp.de\/page\/index.php\/wp-json\/wp\/v2\/users\/2"}],"replies":[{"embeddable":true,"href":"https:\/\/www.gcdp.de\/page\/index.php\/wp-json\/wp\/v2\/comments?post=482"}],"wp:attachment":[{"href":"https:\/\/www.gcdp.de\/page\/index.php\/wp-json\/wp\/v2\/media?parent=482"}],"wp:term":[{"taxonomy":"post_tag","embeddable":true,"href":"https:\/\/www.gcdp.de\/page\/index.php\/wp-json\/wp\/v2\/tags?post=482"},{"taxonomy":"blog-category","embeddable":true,"href":"https:\/\/www.gcdp.de\/page\/index.php\/wp-json\/wp\/v2\/blog-category?post=482"}],"curies":[{"name":"wp","href":"https:\/\/api.w.org\/{rel}","templated":true}]}}