{"id":508,"date":"2022-07-03T18:31:58","date_gmt":"2022-07-03T16:31:58","guid":{"rendered":"https:\/\/www.gcdp.de\/page\/?post_type=blog_post&#038;p=508"},"modified":"2023-02-10T09:36:41","modified_gmt":"2023-02-10T07:36:41","slug":"saengerfest-in-koepenick","status":"publish","type":"blog_post","link":"https:\/\/www.gcdp.de\/page\/index.php\/blog-post\/saengerfest-in-koepenick\/","title":{"rendered":"S\u00e4ngerfest in K\u00f6penick"},"content":{"rendered":"<p>Noch ganz beseelt und gut entspannt von unserem sch\u00f6nen Spreewaldausflug, trafen wir uns heute, am 3. Juli 2022,<\/p>\n<p>zum Auftritt beim <strong>S\u00e4ngerfest in K\u00f6penick<\/strong>.<\/p>\n<p>Im Garten der \u201eKonzert- und Club-Location\u201c Freiheit 15 am Ufer der Alten Spree war doch einiges Publikum bei Speisen, Getr\u00e4nken und angeregten Gespr\u00e4chen versammelt.\u00a0 Wir sangen unser Open-Air-Programm, und es war sch\u00f6n zu beobachten, wie die Besucher unserem Gesang interessiert zuh\u00f6rten Ein gelungener Auftritt!!!<\/p>\n<div class=\"su-image-carousel  su-image-carousel-columns-5 su-image-carousel-has-spacing su-image-carousel-crop su-image-carousel-crop-16-9 su-image-carousel-has-lightbox su-image-carousel-has-outline su-image-carousel-adaptive su-image-carousel-slides-style-default su-image-carousel-controls-style-light su-image-carousel-align-none\" style=\"\" data-flickity-options='{\"groupCells\":true,\"cellSelector\":\".su-image-carousel-item\",\"adaptiveHeight\":false,\"cellAlign\":\"left\",\"prevNextButtons\":true,\"pageDots\":true,\"autoPlay\":5000,\"imagesLoaded\":true,\"contain\":true,\"selectedAttraction\":0.007,\"friction\":0.25}' id=\"su_image_carousel_69f3a7ce9a44d\"><div class=\"su-image-carousel-item\"><div class=\"su-image-carousel-item-content\"><a href=\"https:\/\/www.gcdp.de\/page\/wp-content\/uploads\/2023\/02\/Saengerfest-Koepenick-03.07-2.jpg\" target=\"_blank\" rel=\"noopener noreferrer\" data-caption=\"\"><img loading=\"lazy\" decoding=\"async\" width=\"1152\" height=\"768\" src=\"https:\/\/www.gcdp.de\/page\/wp-content\/uploads\/2023\/02\/Saengerfest-Koepenick-03.07-2.jpg\" class=\"\" alt=\"\" srcset=\"https:\/\/www.gcdp.de\/page\/wp-content\/uploads\/2023\/02\/Saengerfest-Koepenick-03.07-2.jpg 1152w, https:\/\/www.gcdp.de\/page\/wp-content\/uploads\/2023\/02\/Saengerfest-Koepenick-03.07-2-300x200.jpg 300w, https:\/\/www.gcdp.de\/page\/wp-content\/uploads\/2023\/02\/Saengerfest-Koepenick-03.07-2-1024x683.jpg 1024w, https:\/\/www.gcdp.de\/page\/wp-content\/uploads\/2023\/02\/Saengerfest-Koepenick-03.07-2-768x512.jpg 768w\" sizes=\"auto, (max-width: 1152px) 100vw, 1152px\" \/><\/a><\/div><\/div><div class=\"su-image-carousel-item\"><div class=\"su-image-carousel-item-content\"><a href=\"https:\/\/www.gcdp.de\/page\/wp-content\/uploads\/2023\/02\/Saengerfest-Koepenick-03.07-3.jpg\" target=\"_blank\" rel=\"noopener noreferrer\" data-caption=\"\"><img loading=\"lazy\" decoding=\"async\" width=\"1152\" height=\"768\" src=\"https:\/\/www.gcdp.de\/page\/wp-content\/uploads\/2023\/02\/Saengerfest-Koepenick-03.07-3.jpg\" class=\"\" alt=\"\" srcset=\"https:\/\/www.gcdp.de\/page\/wp-content\/uploads\/2023\/02\/Saengerfest-Koepenick-03.07-3.jpg 1152w, https:\/\/www.gcdp.de\/page\/wp-content\/uploads\/2023\/02\/Saengerfest-Koepenick-03.07-3-300x200.jpg 300w, https:\/\/www.gcdp.de\/page\/wp-content\/uploads\/2023\/02\/Saengerfest-Koepenick-03.07-3-1024x683.jpg 1024w, https:\/\/www.gcdp.de\/page\/wp-content\/uploads\/2023\/02\/Saengerfest-Koepenick-03.07-3-768x512.jpg 768w\" sizes=\"auto, (max-width: 1152px) 100vw, 1152px\" \/><\/a><\/div><\/div><div class=\"su-image-carousel-item\"><div class=\"su-image-carousel-item-content\"><a href=\"https:\/\/www.gcdp.de\/page\/wp-content\/uploads\/2023\/02\/Saengerfest-Koepenick-03.07-4.jpg\" target=\"_blank\" rel=\"noopener noreferrer\" data-caption=\"\"><img loading=\"lazy\" decoding=\"async\" width=\"1152\" height=\"768\" src=\"https:\/\/www.gcdp.de\/page\/wp-content\/uploads\/2023\/02\/Saengerfest-Koepenick-03.07-4.jpg\" class=\"\" alt=\"\" srcset=\"https:\/\/www.gcdp.de\/page\/wp-content\/uploads\/2023\/02\/Saengerfest-Koepenick-03.07-4.jpg 1152w, https:\/\/www.gcdp.de\/page\/wp-content\/uploads\/2023\/02\/Saengerfest-Koepenick-03.07-4-300x200.jpg 300w, https:\/\/www.gcdp.de\/page\/wp-content\/uploads\/2023\/02\/Saengerfest-Koepenick-03.07-4-1024x683.jpg 1024w, https:\/\/www.gcdp.de\/page\/wp-content\/uploads\/2023\/02\/Saengerfest-Koepenick-03.07-4-768x512.jpg 768w\" sizes=\"auto, (max-width: 1152px) 100vw, 1152px\" \/><\/a><\/div><\/div><div class=\"su-image-carousel-item\"><div class=\"su-image-carousel-item-content\"><a href=\"https:\/\/www.gcdp.de\/page\/wp-content\/uploads\/2023\/02\/Saengerfest-Koepenick-03.07-5.jpg\" target=\"_blank\" rel=\"noopener noreferrer\" data-caption=\"\"><img loading=\"lazy\" decoding=\"async\" width=\"1152\" height=\"768\" src=\"https:\/\/www.gcdp.de\/page\/wp-content\/uploads\/2023\/02\/Saengerfest-Koepenick-03.07-5.jpg\" class=\"\" alt=\"\" srcset=\"https:\/\/www.gcdp.de\/page\/wp-content\/uploads\/2023\/02\/Saengerfest-Koepenick-03.07-5.jpg 1152w, https:\/\/www.gcdp.de\/page\/wp-content\/uploads\/2023\/02\/Saengerfest-Koepenick-03.07-5-300x200.jpg 300w, https:\/\/www.gcdp.de\/page\/wp-content\/uploads\/2023\/02\/Saengerfest-Koepenick-03.07-5-1024x683.jpg 1024w, https:\/\/www.gcdp.de\/page\/wp-content\/uploads\/2023\/02\/Saengerfest-Koepenick-03.07-5-768x512.jpg 768w\" sizes=\"auto, (max-width: 1152px) 100vw, 1152px\" \/><\/a><\/div><\/div><div class=\"su-image-carousel-item\"><div class=\"su-image-carousel-item-content\"><a href=\"https:\/\/www.gcdp.de\/page\/wp-content\/uploads\/2023\/02\/Saengerfest-Koepenick-03.07-6.jpg\" target=\"_blank\" rel=\"noopener noreferrer\" data-caption=\"\"><img loading=\"lazy\" decoding=\"async\" width=\"1152\" height=\"768\" src=\"https:\/\/www.gcdp.de\/page\/wp-content\/uploads\/2023\/02\/Saengerfest-Koepenick-03.07-6.jpg\" class=\"\" alt=\"\" srcset=\"https:\/\/www.gcdp.de\/page\/wp-content\/uploads\/2023\/02\/Saengerfest-Koepenick-03.07-6.jpg 1152w, https:\/\/www.gcdp.de\/page\/wp-content\/uploads\/2023\/02\/Saengerfest-Koepenick-03.07-6-300x200.jpg 300w, https:\/\/www.gcdp.de\/page\/wp-content\/uploads\/2023\/02\/Saengerfest-Koepenick-03.07-6-1024x683.jpg 1024w, https:\/\/www.gcdp.de\/page\/wp-content\/uploads\/2023\/02\/Saengerfest-Koepenick-03.07-6-768x512.jpg 768w\" sizes=\"auto, (max-width: 1152px) 100vw, 1152px\" \/><\/a><\/div><\/div><div class=\"su-image-carousel-item\"><div class=\"su-image-carousel-item-content\"><a href=\"https:\/\/www.gcdp.de\/page\/wp-content\/uploads\/2023\/02\/Saengerfest-Koepenick-03.07-7.jpg\" target=\"_blank\" rel=\"noopener noreferrer\" data-caption=\"\"><img loading=\"lazy\" decoding=\"async\" width=\"1152\" height=\"768\" src=\"https:\/\/www.gcdp.de\/page\/wp-content\/uploads\/2023\/02\/Saengerfest-Koepenick-03.07-7.jpg\" class=\"\" alt=\"\" srcset=\"https:\/\/www.gcdp.de\/page\/wp-content\/uploads\/2023\/02\/Saengerfest-Koepenick-03.07-7.jpg 1152w, https:\/\/www.gcdp.de\/page\/wp-content\/uploads\/2023\/02\/Saengerfest-Koepenick-03.07-7-300x200.jpg 300w, https:\/\/www.gcdp.de\/page\/wp-content\/uploads\/2023\/02\/Saengerfest-Koepenick-03.07-7-1024x683.jpg 1024w, https:\/\/www.gcdp.de\/page\/wp-content\/uploads\/2023\/02\/Saengerfest-Koepenick-03.07-7-768x512.jpg 768w\" sizes=\"auto, (max-width: 1152px) 100vw, 1152px\" \/><\/a><\/div><\/div><\/div><script id=\"su_image_carousel_69f3a7ce9a44d_script\">if(window.SUImageCarousel){setTimeout(function() {window.SUImageCarousel.initGallery(document.getElementById(\"su_image_carousel_69f3a7ce9a44d\"))}, 0);}var su_image_carousel_69f3a7ce9a44d_script=document.getElementById(\"su_image_carousel_69f3a7ce9a44d_script\");if(su_image_carousel_69f3a7ce9a44d_script){su_image_carousel_69f3a7ce9a44d_script.parentNode.removeChild(su_image_carousel_69f3a7ce9a44d_script);}<\/script>\n","protected":false},"excerpt":{"rendered":"<p>Noch ganz beseelt und gut entspannt von unserem sch\u00f6nen Spreewaldausflug, trafen wir uns heute, am 3. Juli 2022, zum Auftritt beim S\u00e4ngerfest in K\u00f6penick. Im Garten der \u201eKonzert- und Club-Location\u201c [&hellip;]<\/p>\n","protected":false},"author":2,"featured_media":0,"comment_status":"closed","ping_status":"closed","template":"","tags":[],"blog-category":[12],"class_list":["post-508","blog_post","type-blog_post","status-publish","hentry","blog-category-konzerte"],"_links":{"self":[{"href":"https:\/\/www.gcdp.de\/page\/index.php\/wp-json\/wp\/v2\/blog_post\/508","targetHints":{"allow":["GET"]}}],"collection":[{"href":"https:\/\/www.gcdp.de\/page\/index.php\/wp-json\/wp\/v2\/blog_post"}],"about":[{"href":"https:\/\/www.gcdp.de\/page\/index.php\/wp-json\/wp\/v2\/types\/blog_post"}],"author":[{"embeddable":true,"href":"https:\/\/www.gcdp.de\/page\/index.php\/wp-json\/wp\/v2\/users\/2"}],"replies":[{"embeddable":true,"href":"https:\/\/www.gcdp.de\/page\/index.php\/wp-json\/wp\/v2\/comments?post=508"}],"wp:attachment":[{"href":"https:\/\/www.gcdp.de\/page\/index.php\/wp-json\/wp\/v2\/media?parent=508"}],"wp:term":[{"taxonomy":"post_tag","embeddable":true,"href":"https:\/\/www.gcdp.de\/page\/index.php\/wp-json\/wp\/v2\/tags?post=508"},{"taxonomy":"blog-category","embeddable":true,"href":"https:\/\/www.gcdp.de\/page\/index.php\/wp-json\/wp\/v2\/blog-category?post=508"}],"curies":[{"name":"wp","href":"https:\/\/api.w.org\/{rel}","templated":true}]}}